{"id":13,"date":"2023-06-15T11:07:36","date_gmt":"2023-06-15T09:07:36","guid":{"rendered":"http:\/\/gemenaasso.org\/index.php\/2023\/06\/15\/gemena2023-un-avenir-prometteur-pour-les-villages-de-sud-ubangi\/"},"modified":"2025-01-25T12:40:35","modified_gmt":"2025-01-25T11:40:35","slug":"gemena2023-un-avenir-prometteur-pour-les-villages-de-sud-ubangi","status":"publish","type":"post","link":"https:\/\/gemenaasso.org\/index.php\/2023\/06\/15\/gemena2023-un-avenir-prometteur-pour-les-villages-de-sud-ubangi\/","title":{"rendered":"Gemena2023 : Un avenir prometteur pour les villages de Sud Ubangi"},"content":{"rendered":"<h2>Contribuant \u00e0 l&#8217;\u00e9ducation et \u00e0 l&#8217;emploi dans la r\u00e9gion<\/h2>\n<p>Gemena2023 est une association d\u00e9di\u00e9e \u00e0 l&#8217;essor des villages situ\u00e9s dans la r\u00e9gion Sud Ubangi, au nord-ouest de la R\u00e9publique D\u00e9mocratique du Congo. Nous croyons fermement au pouvoir de l&#8217;\u00e9ducation et de la cr\u00e9ation d&#8217;emplois pour transformer la vie des gens et soutenir le d\u00e9veloppement de communaut\u00e9s prosp\u00e8res.<\/p>\n<p>Notre principal objectif est de garantir l&#8217;acc\u00e8s \u00e0 l&#8217;\u00e9ducation \u00e0 tous les enfants de la r\u00e9gion. Nous croyons que chaque enfant m\u00e9rite d&#8217;avoir la possibilit\u00e9 de se former et de r\u00e9aliser ses r\u00eaves. C&#8217;est pourquoi nous travaillons en \u00e9troite collaboration avec les autorit\u00e9s locales et les \u00e9coles pour am\u00e9liorer les infrastructures, fournir des fournitures scolaires et soutenir les enseignants et le personnel \u00e9ducatif.<\/p>\n<h2>Cr\u00e9ation d&#8217;emplois et autonomisation \u00e9conomique<\/h2>\n<p>Outre l&#8217;\u00e9ducation, nous nous concentrons \u00e9galement sur la cr\u00e9ation d&#8217;emplois. Nous croyons que l&#8217;emploi stable et r\u00e9mun\u00e9r\u00e9 est essentiel pour permettre aux individus et aux familles de subvenir \u00e0 leurs besoins et de vivre dans la dignit\u00e9. Nous travaillons avec les membres de la communaut\u00e9 pour d\u00e9velopper des opportunit\u00e9s \u00e9conomiques durables, telles que la formation professionnelle, la cr\u00e9ation de petites entreprises et l&#8217;acc\u00e8s aux march\u00e9s.<\/p>\n<p>Nous soutenons \u00e9galement les initiatives entrepreneuriales locales en fournissant des conseils, des ressources et des financements pour aider les entrepreneurs \u00e0 concr\u00e9tiser leurs id\u00e9es. En favorisant l&#8217;autonomisation \u00e9conomique, nous visons \u00e0 renforcer la r\u00e9silience des communaut\u00e9s et \u00e0 leur donner les moyens de prosp\u00e9rer.<\/p>\n<h2>Ensemble, nous pouvons r\u00e9aliser un avenir meilleur<\/h2>\n<p>Nous sommes convaincus que, gr\u00e2ce \u00e0 nos actions concr\u00e8tes, nous pouvons contribuer \u00e0 un avenir plus prometteur pour les villages de Sud Ubangi. En travaillant ensemble, en soutenant l&#8217;\u00e9ducation et en cr\u00e9ant des possibilit\u00e9s d&#8217;emploi, nous pouvons aider les habitants \u00e0 sortir de la pauvret\u00e9 et \u00e0 r\u00e9aliser leur plein potentiel.<\/p>\n<p>Nous invitons tous ceux qui partagent notre vision \u00e0 se joindre \u00e0 nous dans cette noble cause. Chaque contribution compte et peut faire une diff\u00e9rence significative dans la vie des habitants de Sud Ubangi.<\/p>\n","protected":false},"excerpt":{"rendered":"<p>Contribuant \u00e0 l&#8217;\u00e9ducation et \u00e0 l&#8217;emploi dans la r\u00e9gion Gemena2023 est une association d\u00e9di\u00e9e \u00e0 l&#8217;essor des villages situ\u00e9s dans la r\u00e9gion Sud Ubangi, au nord-ouest de la R\u00e9publique D\u00e9mocratique [&hellip;]<\/p>\n","protected":false},"author":1,"featured_media":397,"comment_status":"open","ping_status":"open","sticky":false,"template":"","format":"standard","meta":{"give_campaign_id":0,"_et_pb_use_builder":"","_et_pb_old_content":"","_et_gb_content_width":"","footnotes":""},"categories":[1],"tags":[],"class_list":["post-13","post","type-post","status-publish","format-standard","has-post-thumbnail","hentry","category-blog"],"_links":{"self":[{"href":"https:\/\/gemenaasso.org\/index.php\/wp-json\/wp\/v2\/posts\/13"}],"collection":[{"href":"https:\/\/gemenaasso.org\/index.php\/wp-json\/wp\/v2\/posts"}],"about":[{"href":"https:\/\/gemenaasso.org\/index.php\/wp-json\/wp\/v2\/types\/post"}],"author":[{"embeddable":true,"href":"https:\/\/gemenaasso.org\/index.php\/wp-json\/wp\/v2\/users\/1"}],"replies":[{"embeddable":true,"href":"https:\/\/gemenaasso.org\/index.php\/wp-json\/wp\/v2\/comments?post=13"}],"version-history":[{"count":1,"href":"https:\/\/gemenaasso.org\/index.php\/wp-json\/wp\/v2\/posts\/13\/revisions"}],"predecessor-version":[{"id":527,"href":"https:\/\/gemenaasso.org\/index.php\/wp-json\/wp\/v2\/posts\/13\/revisions\/527"}],"wp:featuredmedia":[{"embeddable":true,"href":"https:\/\/gemenaasso.org\/index.php\/wp-json\/wp\/v2\/media\/397"}],"wp:attachment":[{"href":"https:\/\/gemenaasso.org\/index.php\/wp-json\/wp\/v2\/media?parent=13"}],"wp:term":[{"taxonomy":"category","embeddable":true,"href":"https:\/\/gemenaasso.org\/index.php\/wp-json\/wp\/v2\/categories?post=13"},{"taxonomy":"post_tag","embeddable":true,"href":"https:\/\/gemenaasso.org\/index.php\/wp-json\/wp\/v2\/tags?post=13"}],"curies":[{"name":"wp","href":"https:\/\/api.w.org\/{rel}","templated":true}]}}