{"id":15,"date":"2023-06-15T11:07:45","date_gmt":"2023-06-15T09:07:45","guid":{"rendered":"http:\/\/gemenaasso.org\/index.php\/2023\/06\/15\/gemena2023-lespoir-pour-lavenir-des-villages-de-la-region-sud-ubangi\/"},"modified":"2025-01-25T12:40:52","modified_gmt":"2025-01-25T11:40:52","slug":"gemena2023-lespoir-pour-lavenir-des-villages-de-la-region-sud-ubangi","status":"publish","type":"post","link":"https:\/\/gemenaasso.org\/index.php\/2023\/06\/15\/gemena2023-lespoir-pour-lavenir-des-villages-de-la-region-sud-ubangi\/","title":{"rendered":"Gemena2023 : l&#8217;espoir pour l&#8217;avenir des villages de la r\u00e9gion Sud Ubangi"},"content":{"rendered":"<h2>L&#8217;acc\u00e8s \u00e0 l&#8217;\u00e9ducation : un changement qui compte<\/h2>\n<p>La premi\u00e8re action concr\u00e8te de l&#8217;association Gemena2023 est de garantir l&#8217;acc\u00e8s \u00e0 l&#8217;\u00e9cole pour tous les enfants des villages de la r\u00e9gion Sud Ubangi. Nous croyons fermement que l&#8217;\u00e9ducation est la cl\u00e9 du d\u00e9veloppement et de l&#8217;avenir de ces communaut\u00e9s. En offrant aux enfants la possibilit\u00e9 d&#8217;apprendre, de grandir et de s&#8217;\u00e9panouir, nous ouvrons les portes vers un avenir prometteur.<\/p>\n<p>Avec des salles de classe \u00e9quip\u00e9es, des enseignants qualifi\u00e9s et des programmes \u00e9ducatifs adapt\u00e9s, nous sommes d\u00e9termin\u00e9s \u00e0 offrir une \u00e9ducation de qualit\u00e9 \u00e0 tous les enfants de la r\u00e9gion. Nous savons que chaque enfant a le potentiel de r\u00e9aliser de grandes choses, et nous voulons leur donner toutes les chances de r\u00e9ussir.<\/p>\n<h2>Cr\u00e9ation d&#8217;emplois pour une vie meilleure<\/h2>\n<p>Outre l&#8217;acc\u00e8s \u00e0 l&#8217;\u00e9ducation, Gemena2023 s&#8217;engage \u00e9galement \u00e0 cr\u00e9er des emplois dans la r\u00e9gion Sud Ubangi. Nous croyons que le travail est essentiel pour l&#8217;autonomisation des communaut\u00e9s et pour am\u00e9liorer la qualit\u00e9 de vie de ses habitants.<\/p>\n<p>Nous soutenons les initiatives locales et encourageons l&#8217;entrepreneuriat en offrant des formations, des conseils et des investissements pour aider les habitants \u00e0 cr\u00e9er leurs propres entreprises. En d\u00e9veloppant l&#8217;\u00e9conomie locale, nous cr\u00e9ons des opportunit\u00e9s d&#8217;emploi durables qui permettent aux habitants de subvenir \u00e0 leurs besoins et de contribuer \u00e0 la croissance de leur communaut\u00e9.<\/p>\n","protected":false},"excerpt":{"rendered":"<p>L&#8217;acc\u00e8s \u00e0 l&#8217;\u00e9ducation : un changement qui compte La premi\u00e8re action concr\u00e8te de l&#8217;association Gemena2023 est de garantir l&#8217;acc\u00e8s \u00e0 l&#8217;\u00e9cole pour tous les enfants des villages de la r\u00e9gion [&hellip;]<\/p>\n","protected":false},"author":1,"featured_media":369,"comment_status":"open","ping_status":"open","sticky":false,"template":"","format":"standard","meta":{"give_campaign_id":0,"_et_pb_use_builder":"","_et_pb_old_content":"","_et_gb_content_width":"","footnotes":""},"categories":[1],"tags":[],"class_list":["post-15","post","type-post","status-publish","format-standard","has-post-thumbnail","hentry","category-blog"],"_links":{"self":[{"href":"https:\/\/gemenaasso.org\/index.php\/wp-json\/wp\/v2\/posts\/15"}],"collection":[{"href":"https:\/\/gemenaasso.org\/index.php\/wp-json\/wp\/v2\/posts"}],"about":[{"href":"https:\/\/gemenaasso.org\/index.php\/wp-json\/wp\/v2\/types\/post"}],"author":[{"embeddable":true,"href":"https:\/\/gemenaasso.org\/index.php\/wp-json\/wp\/v2\/users\/1"}],"replies":[{"embeddable":true,"href":"https:\/\/gemenaasso.org\/index.php\/wp-json\/wp\/v2\/comments?post=15"}],"version-history":[{"count":1,"href":"https:\/\/gemenaasso.org\/index.php\/wp-json\/wp\/v2\/posts\/15\/revisions"}],"predecessor-version":[{"id":528,"href":"https:\/\/gemenaasso.org\/index.php\/wp-json\/wp\/v2\/posts\/15\/revisions\/528"}],"wp:featuredmedia":[{"embeddable":true,"href":"https:\/\/gemenaasso.org\/index.php\/wp-json\/wp\/v2\/media\/369"}],"wp:attachment":[{"href":"https:\/\/gemenaasso.org\/index.php\/wp-json\/wp\/v2\/media?parent=15"}],"wp:term":[{"taxonomy":"category","embeddable":true,"href":"https:\/\/gemenaasso.org\/index.php\/wp-json\/wp\/v2\/categories?post=15"},{"taxonomy":"post_tag","embeddable":true,"href":"https:\/\/gemenaasso.org\/index.php\/wp-json\/wp\/v2\/tags?post=15"}],"curies":[{"name":"wp","href":"https:\/\/api.w.org\/{rel}","templated":true}]}}