{"id":4,"date":"2023-06-15T11:03:25","date_gmt":"2023-06-15T09:03:25","guid":{"rendered":"http:\/\/gemenaasso.org\/index.php\/2023\/06\/15\/gemena2023-transformer-des-villages-et-changer-des-vies\/"},"modified":"2025-01-25T12:42:06","modified_gmt":"2025-01-25T11:42:06","slug":"gemena2023-transformer-des-villages-et-changer-des-vies","status":"publish","type":"post","link":"https:\/\/gemenaasso.org\/index.php\/2023\/06\/15\/gemena2023-transformer-des-villages-et-changer-des-vies\/","title":{"rendered":"Gemena2023 : Transformer des villages et changer des vies"},"content":{"rendered":"<p>La r\u00e9gion du Sud Ubangi en R\u00e9publique D\u00e9mocratique du Congo regorge de villages pleins de potentiel et de ressources. Cependant, de nombreux habitants de cette r\u00e9gion font face \u00e0 des difficult\u00e9s quotidiennes, notamment en mati\u00e8re d&#8217;acc\u00e8s \u00e0 l&#8217;\u00e9ducation et d&#8217;emploi. C&#8217;est l\u00e0 qu&#8217;intervient l&#8217;association Gemena2023.<\/p>\n<p>Gemena2023 a pour objectif de transformer ces villages en leur offrant une chance de prosp\u00e9rer. Gr\u00e2ce \u00e0 des actions concr\u00e8tes, nous travaillons \u00e0 l&#8217;am\u00e9lioration de l&#8217;acc\u00e8s \u00e0 l&#8217;\u00e9cole et \u00e0 la cr\u00e9ation d&#8217;emplois locaux.<\/p>\n<h2>Acc\u00e8s \u00e0 l&#8217;\u00e9cole : le droit \u00e0 l&#8217;\u00e9ducation pour tous<\/h2>\n<p>L&#8217;\u00e9ducation est un droit fondamental, pourtant beaucoup d&#8217;enfants de la r\u00e9gion Sud Ubangi sont priv\u00e9s de ce droit essentiel. Gemena2023 met tout en \u0153uvre pour changer cette r\u00e9alit\u00e9. Nous construisons et r\u00e9novons des \u00e9coles, nous fournissons du mat\u00e9riel scolaire et nous encourageons les initiatives d&#8217;alphab\u00e9tisation pour les adultes.<\/p>\n<p>Nous croyons que l&#8217;acc\u00e8s \u00e0 l&#8217;\u00e9ducation est la cl\u00e9 du d\u00e9veloppement durable. En offrant une \u00e9ducation de qualit\u00e9 aux enfants de la r\u00e9gion, nous contribuons \u00e0 les pr\u00e9parer \u00e0 un avenir meilleur. Nous encourageons \u00e9galement les jeunes filles \u00e0 poursuivre leurs \u00e9tudes, car nous croyons en l&#8217;\u00e9galit\u00e9 des chances pour tous.<\/p>\n<h2>Cr\u00e9ation d&#8217;emplois : stimuler l&#8217;\u00e9conomie locale<\/h2>\n<p>La cr\u00e9ation d&#8217;emplois est essentielle pour stimuler l&#8217;\u00e9conomie locale et am\u00e9liorer les conditions de vie des habitants. C&#8217;est pourquoi Gemena2023 soutient activement les initiatives entrepreneuriales et aide \u00e0 la mise en place de coop\u00e9ratives dans la r\u00e9gion Sud Ubangi.<\/p>\n<p>Nous offrons des formations professionnelles, des pr\u00eats \u00e0 taux r\u00e9duit et un accompagnement personnalis\u00e9 pour permettre aux habitants de cr\u00e9er et d\u00e9velopper leurs propres entreprises. En favorisant l&#8217;entrepreneuriat local, nous contribuons \u00e0 r\u00e9duire le ch\u00f4mage et \u00e0 renforcer l&#8217;\u00e9conomie de la r\u00e9gion.<\/p>\n","protected":false},"excerpt":{"rendered":"<p>La r\u00e9gion du Sud Ubangi en R\u00e9publique D\u00e9mocratique du Congo regorge de villages pleins de potentiel et de ressources. Cependant, de nombreux habitants de cette r\u00e9gion font face \u00e0 des [&hellip;]<\/p>\n","protected":false},"author":1,"featured_media":308,"comment_status":"open","ping_status":"open","sticky":false,"template":"","format":"standard","meta":{"give_campaign_id":0,"_et_pb_use_builder":"","_et_pb_old_content":"","_et_gb_content_width":"","footnotes":""},"categories":[1],"tags":[],"class_list":["post-4","post","type-post","status-publish","format-standard","has-post-thumbnail","hentry","category-blog"],"_links":{"self":[{"href":"https:\/\/gemenaasso.org\/index.php\/wp-json\/wp\/v2\/posts\/4"}],"collection":[{"href":"https:\/\/gemenaasso.org\/index.php\/wp-json\/wp\/v2\/posts"}],"about":[{"href":"https:\/\/gemenaasso.org\/index.php\/wp-json\/wp\/v2\/types\/post"}],"author":[{"embeddable":true,"href":"https:\/\/gemenaasso.org\/index.php\/wp-json\/wp\/v2\/users\/1"}],"replies":[{"embeddable":true,"href":"https:\/\/gemenaasso.org\/index.php\/wp-json\/wp\/v2\/comments?post=4"}],"version-history":[{"count":1,"href":"https:\/\/gemenaasso.org\/index.php\/wp-json\/wp\/v2\/posts\/4\/revisions"}],"predecessor-version":[{"id":531,"href":"https:\/\/gemenaasso.org\/index.php\/wp-json\/wp\/v2\/posts\/4\/revisions\/531"}],"wp:featuredmedia":[{"embeddable":true,"href":"https:\/\/gemenaasso.org\/index.php\/wp-json\/wp\/v2\/media\/308"}],"wp:attachment":[{"href":"https:\/\/gemenaasso.org\/index.php\/wp-json\/wp\/v2\/media?parent=4"}],"wp:term":[{"taxonomy":"category","embeddable":true,"href":"https:\/\/gemenaasso.org\/index.php\/wp-json\/wp\/v2\/categories?post=4"},{"taxonomy":"post_tag","embeddable":true,"href":"https:\/\/gemenaasso.org\/index.php\/wp-json\/wp\/v2\/tags?post=4"}],"curies":[{"name":"wp","href":"https:\/\/api.w.org\/{rel}","templated":true}]}}