{"id":6,"date":"2023-06-15T11:04:38","date_gmt":"2023-06-15T09:04:38","guid":{"rendered":"http:\/\/gemenaasso.org\/index.php\/2023\/06\/15\/ensemble-pour-un-avenir-meilleur-leducation-et-lemploi-au-coeur-de-gemena2023\/"},"modified":"2025-01-25T12:41:52","modified_gmt":"2025-01-25T11:41:52","slug":"ensemble-pour-un-avenir-meilleur-leducation-et-lemploi-au-coeur-de-gemena2023","status":"publish","type":"post","link":"https:\/\/gemenaasso.org\/index.php\/2023\/06\/15\/ensemble-pour-un-avenir-meilleur-leducation-et-lemploi-au-coeur-de-gemena2023\/","title":{"rendered":"Ensemble pour un avenir meilleur : L&#8217;\u00e9ducation et l&#8217;emploi au c\u0153ur de GEMENA2023"},"content":{"rendered":"<h2>Acc\u00e8s \u00e0 l&#8217;\u00e9ducation : Une porte vers un avenir prometteur<\/h2>\n<p>GEMENA2023 est d\u00e9termin\u00e9e \u00e0 offrir aux enfants des villages de la r\u00e9gion Sud Ubangi en R\u00e9publique D\u00e9mocratique du Congo, la chance de recevoir une \u00e9ducation de qualit\u00e9. Nous croyons fermement que l&#8217;\u00e9ducation est la cl\u00e9 du d\u00e9veloppement et de l&#8217;autonomisation des communaut\u00e9s.<\/p>\n<p>Gr\u00e2ce \u00e0 la mise en place de programmes \u00e9ducatifs adapt\u00e9s et \u00e0 la construction d&#8217;\u00e9coles modernes, nous cr\u00e9ons un environnement propice \u00e0 l&#8217;apprentissage. Nous voulons donner aux enfants la possibilit\u00e9 d&#8217;acqu\u00e9rir les comp\u00e9tences et les connaissances n\u00e9cessaires pour r\u00e9ussir dans leur vie future.<\/p>\n<h2>Cr\u00e9ation d&#8217;emplois : Un moteur pour le progr\u00e8s<\/h2>\n<p>Outre l&#8217;acc\u00e8s \u00e0 l&#8217;\u00e9ducation, GEMENA2023 s&#8217;engage \u00e9galement \u00e0 stimuler l&#8217;\u00e9conomie locale en cr\u00e9ant des emplois durables. Nous croyons que l&#8217;emploi est essentiel pour lutter contre la pauvret\u00e9 et favoriser le d\u00e9veloppement \u00e9conomique.<\/p>\n<p>Nous soutenons les initiatives entrepreneuriales locales et nous encourageons la cr\u00e9ation de coop\u00e9ratives. En fournissant une formation et un soutien financier, nous aidons les habitants \u00e0 d\u00e9velopper leurs propres activit\u00e9s g\u00e9n\u00e9ratrices de revenus.<\/p>\n<h2>Ensemble pour un avenir prometteur<\/h2>\n<p>GEMENA2023 est plus qu&#8217;une simple association, c&#8217;est une communaut\u00e9 de personnes d\u00e9termin\u00e9es \u00e0 faire une diff\u00e9rence dans la vie des habitants de la r\u00e9gion Sud Ubangi. Ensemble, nous travaillons pour construire un avenir meilleur o\u00f9 chaque individu a la possibilit\u00e9 de r\u00e9aliser ses r\u00eaves et aspirations.<\/p>\n<p>Nous sommes convaincus que l&#8217;\u00e9ducation et l&#8217;emploi sont les piliers d&#8217;un d\u00e9veloppement durable. En travaillant main dans la main avec les communaut\u00e9s locales, nous pouvons cr\u00e9er un avenir prometteur pour tous.<\/p>\n","protected":false},"excerpt":{"rendered":"<p>Acc\u00e8s \u00e0 l&#8217;\u00e9ducation : Une porte vers un avenir prometteur GEMENA2023 est d\u00e9termin\u00e9e \u00e0 offrir aux enfants des villages de la r\u00e9gion Sud Ubangi en R\u00e9publique D\u00e9mocratique du Congo, la [&hellip;]<\/p>\n","protected":false},"author":1,"featured_media":500,"comment_status":"open","ping_status":"open","sticky":false,"template":"","format":"standard","meta":{"give_campaign_id":0,"_et_pb_use_builder":"","_et_pb_old_content":"","_et_gb_content_width":"","footnotes":""},"categories":[1],"tags":[],"class_list":["post-6","post","type-post","status-publish","format-standard","has-post-thumbnail","hentry","category-blog"],"_links":{"self":[{"href":"https:\/\/gemenaasso.org\/index.php\/wp-json\/wp\/v2\/posts\/6"}],"collection":[{"href":"https:\/\/gemenaasso.org\/index.php\/wp-json\/wp\/v2\/posts"}],"about":[{"href":"https:\/\/gemenaasso.org\/index.php\/wp-json\/wp\/v2\/types\/post"}],"author":[{"embeddable":true,"href":"https:\/\/gemenaasso.org\/index.php\/wp-json\/wp\/v2\/users\/1"}],"replies":[{"embeddable":true,"href":"https:\/\/gemenaasso.org\/index.php\/wp-json\/wp\/v2\/comments?post=6"}],"version-history":[{"count":1,"href":"https:\/\/gemenaasso.org\/index.php\/wp-json\/wp\/v2\/posts\/6\/revisions"}],"predecessor-version":[{"id":530,"href":"https:\/\/gemenaasso.org\/index.php\/wp-json\/wp\/v2\/posts\/6\/revisions\/530"}],"wp:featuredmedia":[{"embeddable":true,"href":"https:\/\/gemenaasso.org\/index.php\/wp-json\/wp\/v2\/media\/500"}],"wp:attachment":[{"href":"https:\/\/gemenaasso.org\/index.php\/wp-json\/wp\/v2\/media?parent=6"}],"wp:term":[{"taxonomy":"category","embeddable":true,"href":"https:\/\/gemenaasso.org\/index.php\/wp-json\/wp\/v2\/categories?post=6"},{"taxonomy":"post_tag","embeddable":true,"href":"https:\/\/gemenaasso.org\/index.php\/wp-json\/wp\/v2\/tags?post=6"}],"curies":[{"name":"wp","href":"https:\/\/api.w.org\/{rel}","templated":true}]}}